{"id":95331,"date":"2026-09-02T11:29:39","date_gmt":"2026-09-02T09:29:39","guid":{"rendered":"https:\/\/codeoscopic.com\/?p=95331"},"modified":"2026-09-02T11:34:50","modified_gmt":"2026-09-02T09:34:50","slug":"la-prima-media-en-la-nueva-produccion-se-polariza-en-agosto-entre-el-empuje-de-salud-y-la-contencion-en-autos","status":"publish","type":"post","link":"https:\/\/codeoscopic.com\/es\/la-prima-media-en-la-nueva-produccion-se-polariza-en-agosto-entre-el-empuje-de-salud-y-la-contencion-en-autos\/","title":{"rendered":"La prima media en la nueva producci\u00f3n se polariza en agosto entre el empuje de Salud y la contenci\u00f3n en Autos"},"content":{"rendered":"<ul>\r\n \t<li>\r\n<h3>Salud aumenta su prima media un 8% interanual impulsada por las modalidades con copago, mientras que la contenci\u00f3n de precios en las opciones a Todo Riesgo amortigua el coste global en Automoci\u00f3n.<\/h3>\r\n<\/li>\r\n<\/ul>\r\n<p class=\"justify\">L<span style=\"font-weight: 400;\">a prima media de la nueva producci\u00f3n ha cerrado el mes de agosto mostrando comportamientos divergentes entre los principales ramos del sector. Mientras que las l\u00edneas de cobertura personal como Salud y Vida-Riesgo registran incrementos tarifarios a doble d\u00edgito en comparaci\u00f3n interanual, ramos de gran penetraci\u00f3n como Autos y Hogar exhiben una clara contenci\u00f3n. A nivel general, el mercado ha experimentado en agosto el habitual ajuste intermensual en volumen de contrataci\u00f3n derivado del periodo vacacional respecto al mes de julio, si bien la prima media en el conjunto de ramos analizados se ha mantenido firme<\/span>.<\/p>\r\n\r\n<h4 class=\"mt-20\"><b>Evoluci\u00f3n de las p\u00f3lizas de autos<\/b><\/h4>\r\n<p class=\"justify\">La prima media de nueva producci\u00f3n en el ramo de autos se registr\u00f3 en 467\u20ac, consolidando un ligero ajuste a la baja del 1% interanual y una leve variaci\u00f3n intermensual con un descenso del 0,4%.<\/p>\r\n<p class=\"justify\"><a href=\"https:\/\/codeoscopic.com\/wp-content\/uploads\/2026\/09\/Autos-agosto25-26-modalidades.jpg\"><img loading=\"lazy\" decoding=\"async\" class=\"mt-20 mb-20 aligncenter wp-image-95334 \" style=\"margin-right: auto; margin-left: auto;\" src=\"https:\/\/codeoscopic.com\/wp-content\/uploads\/2026\/09\/Autos-agosto25-26-modalidades-300x120.jpg\" alt=\"\" width=\"400\" height=\"160\" srcset=\"https:\/\/codeoscopic.com\/wp-content\/uploads\/2026\/09\/Autos-agosto25-26-modalidades-300x120.jpg 300w, https:\/\/codeoscopic.com\/wp-content\/uploads\/2026\/09\/Autos-agosto25-26-modalidades-768x307.jpg 768w, https:\/\/codeoscopic.com\/wp-content\/uploads\/2026\/09\/Autos-agosto25-26-modalidades.jpg 922w\" sizes=\"auto, (max-width: 400px) 100vw, 400px\" \/><\/a><\/p>\r\n<p class=\"justify\">E<span style=\"font-weight: 400;\">l comportamiento por modalidades evidencia reducciones de precio en casi todas las tipolog\u00edas de producto.\u00a0 &#8216;Todo riesgo sin franquicia&#8217; encabez\u00f3 los descensos del ramo al fijar su prima media en 799\u20ac, un 8% menos que los 875\u20ac del a\u00f1o anterior<\/span>.<\/p>\r\n<p class=\"justify\">&#8216;<span style=\"font-weight: 400;\">Todo riesgo con franquicia baja&#8217; y &#8216;Todo riesgo con franquicia media&#8217; ajustan a la baja sus precios un 3% y un 2% interanual, respectivamente<\/span>.<\/p>\r\n<p class=\"justify\">P<span style=\"font-weight: 400;\">or su parte, las opciones m\u00e1s econ\u00f3micas contin\u00faan siendo \u2018Terceros\u2019, con 413\u20ac (-2%) y \u2018Terceros ampliados\u2019, con 410\u20ac (-1%).. Esta \u00faltima se mantiene en agosto como la opci\u00f3n elegida por mayor n\u00famero de usuarios con 28.471 nuevas p\u00f3lizas emitidas a trav\u00e9s de <\/span><b>Avant2 Sales Manager<\/b><span style=\"font-weight: 400;\">, lo que supone un 64% del total de la producci\u00f3n de autos<\/span>.<\/p>\r\n<p class=\"justify\">\u2018<span style=\"font-weight: 400;\">Todo riesgo con franquicia alta\u2019 se mantuvo con la prima media m\u00e1s alta alcanzando los 889\u20ac y como la \u00fanica modalidad del ramo cuya evoluci\u00f3n interanual fue positiva con un crecimiento del 3%<\/span>.<\/p>\r\n<a href=\"https:\/\/codeoscopic.com\/wp-content\/uploads\/2026\/09\/PrimMed-ago25-26-AUTOS.jpg\"><img loading=\"lazy\" decoding=\"async\" class=\"mt-20 mb-20 aligncenter wp-image-95335 \" style=\"margin-right: auto; margin-left: auto;\" src=\"https:\/\/codeoscopic.com\/wp-content\/uploads\/2026\/09\/PrimMed-ago25-26-AUTOS-300x181.jpg\" alt=\"\" width=\"399\" height=\"241\" srcset=\"https:\/\/codeoscopic.com\/wp-content\/uploads\/2026\/09\/PrimMed-ago25-26-AUTOS-300x181.jpg 300w, https:\/\/codeoscopic.com\/wp-content\/uploads\/2026\/09\/PrimMed-ago25-26-AUTOS-768x463.jpg 768w, https:\/\/codeoscopic.com\/wp-content\/uploads\/2026\/09\/PrimMed-ago25-26-AUTOS.jpg 980w\" sizes=\"auto, (max-width: 399px) 100vw, 399px\" \/><\/a>\r\n<h4 class=\"mt-40\"><b>Evoluci\u00f3n de las p\u00f3lizas de hogar<\/b><\/h4>\r\n<p class=\"justify\">H<span style=\"font-weight: 400;\">ogar mantiene la m\u00e1xima estabilidad de toda la producci\u00f3n estival. La prima media del ramo se situ\u00f3 en 280\u20ac sin apenas variaci\u00f3n respecto a agosto del a\u00f1o pasado, ni a julio de 2026<\/span>.<\/p>\r\n<a href=\"https:\/\/codeoscopic.com\/wp-content\/uploads\/2026\/09\/Hogar-agosto25-26-modalidades.jpg\"><img loading=\"lazy\" decoding=\"async\" class=\"mt-20 mb-20 aligncenter wp-image-95337 \" style=\"margin-right: auto; margin-left: auto;\" src=\"https:\/\/codeoscopic.com\/wp-content\/uploads\/2026\/09\/Hogar-agosto25-26-modalidades-300x124.jpg\" alt=\"\" width=\"399\" height=\"165\" srcset=\"https:\/\/codeoscopic.com\/wp-content\/uploads\/2026\/09\/Hogar-agosto25-26-modalidades-300x124.jpg 300w, https:\/\/codeoscopic.com\/wp-content\/uploads\/2026\/09\/Hogar-agosto25-26-modalidades.jpg 608w\" sizes=\"auto, (max-width: 399px) 100vw, 399px\" \/><\/a>\r\n<p class=\"justify\"><span style=\"font-weight: 400;\">Por modalidades s\u00f3lo\u00a0 &#8216;Hogar B\u00e1sico&#8217; experiment\u00f3 una leve subida del 1%. La mayor variaci\u00f3n se registr\u00f3 en la modalidad &#8216;Premium&#8217; que con una prima media de 373\u20ac experiment\u00f3 un descenso interanual del 4%. Por su parte, &#8216;Est\u00e1ndar&#8217; contin\u00faa concentrando el mayor n\u00famero de emisiones en <\/span><b>Avant2 Sales Manager<\/b><span style=\"font-weight: 400;\">, que registr\u00f3 en agosto 6.480 nuevas p\u00f3lizas de hogar, acaparando esta modalidad el 81% de ellas. En cuanto a su prima media se mantiene con un m\u00ednimo descenso interanual<\/span>.<\/p>\r\n<a href=\"https:\/\/codeoscopic.com\/wp-content\/uploads\/2026\/09\/PrimMed-ago25-26-HOGAR.jpg\"><img loading=\"lazy\" decoding=\"async\" class=\"mt-20 mb-20 aligncenter wp-image-95338 \" style=\"margin-right: auto; margin-left: auto;\" src=\"https:\/\/codeoscopic.com\/wp-content\/uploads\/2026\/09\/PrimMed-ago25-26-HOGAR-300x181.jpg\" alt=\"\" width=\"399\" height=\"241\" srcset=\"https:\/\/codeoscopic.com\/wp-content\/uploads\/2026\/09\/PrimMed-ago25-26-HOGAR-300x181.jpg 300w, https:\/\/codeoscopic.com\/wp-content\/uploads\/2026\/09\/PrimMed-ago25-26-HOGAR-768x463.jpg 768w, https:\/\/codeoscopic.com\/wp-content\/uploads\/2026\/09\/PrimMed-ago25-26-HOGAR.jpg 980w\" sizes=\"auto, (max-width: 399px) 100vw, 399px\" \/><\/a>\r\n<h4 class=\"mt-40\"><b>Evoluci\u00f3n de las p\u00f3lizas de motos<\/b><\/h4>\r\n<p class=\"justify\">La prima media del ramo experiment\u00f3 un repunte del 1% interanual alcanzando su prima media los 234\u20ac.<\/p>\r\n\r\n<a href=\"https:\/\/codeoscopic.com\/wp-content\/uploads\/2026\/09\/Motos-agosto25-26-modalidades-1.jpg\"><img loading=\"lazy\" decoding=\"async\" class=\"mt-20 mb-20 aligncenter wp-image-95363 \" style=\"margin-right: auto; margin-left: auto;\" src=\"https:\/\/codeoscopic.com\/wp-content\/uploads\/2026\/09\/Motos-agosto25-26-modalidades-1-300x93.jpg\" alt=\"\" width=\"400\" height=\"124\" srcset=\"https:\/\/codeoscopic.com\/wp-content\/uploads\/2026\/09\/Motos-agosto25-26-modalidades-1-300x93.jpg 300w, https:\/\/codeoscopic.com\/wp-content\/uploads\/2026\/09\/Motos-agosto25-26-modalidades-1-768x237.jpg 768w, https:\/\/codeoscopic.com\/wp-content\/uploads\/2026\/09\/Motos-agosto25-26-modalidades-1.jpg 922w\" sizes=\"auto, (max-width: 400px) 100vw, 400px\" \/><\/a>\r\n<p class=\"justify\">E<span style=\"font-weight: 400;\">n el detalle por modalidades, &#8216;Terceros ampliados&#8217;, &#8216;Todo riesgo sin franquicia&#8217; y &#8216;Terceros&#8217; subieron un 4%, 5% y 6% respectivamente. Por el contrario, la modalidad de &#8216;Todo riesgo con franquicia&#8217; sufri\u00f3 un decremento del 6% interanual hasta los 558<\/span> \u20ac.<\/p>\r\n<a href=\"https:\/\/codeoscopic.com\/wp-content\/uploads\/2026\/08\/PrimMed-jul25-26-MOTOS.jpg\"><img loading=\"lazy\" decoding=\"async\" class=\"mt-20 mb-20 aligncenter wp-image-95105 \" style=\"margin-right: auto; margin-left: auto;\" src=\"https:\/\/codeoscopic.com\/wp-content\/uploads\/2026\/08\/PrimMed-jul25-26-MOTOS-300x181.jpg\" alt=\"\" width=\"399\" height=\"241\" srcset=\"https:\/\/codeoscopic.com\/wp-content\/uploads\/2026\/08\/PrimMed-jul25-26-MOTOS-300x181.jpg 300w, https:\/\/codeoscopic.com\/wp-content\/uploads\/2026\/08\/PrimMed-jul25-26-MOTOS-768x463.jpg 768w, https:\/\/codeoscopic.com\/wp-content\/uploads\/2026\/08\/PrimMed-jul25-26-MOTOS.jpg 980w\" sizes=\"auto, (max-width: 399px) 100vw, 399px\" \/><\/a>\r\n<h4 class=\"mt-40\"><b>Evoluci\u00f3n de las p\u00f3lizas de decesos<\/b><\/h4>\r\n<p class=\"justify\">D<span style=\"font-weight: 400;\">ecesos alcanz\u00f3 una prima media en agosto de 190\u20ac, lo que supone una leve subida interanual del 1% respecto al a\u00f1o anterior. No obstante, el ramo acusa un ajuste intermensual del 14% motivado por el comportamiento tarifario entre modalidade<\/span>s.<\/p>\r\n<p class=\"justify\">&#8216;T<span style=\"font-weight: 400;\">arifa Personalizada&#8217; ascendi\u00f3 un notable 33%, al tiempo que &#8216;Tarifa Mixta&#8217; se qued\u00f3 en un 8% de crecimiento. Por su parte &#8216;Tarifa Nivelada&#8217; retrocedi\u00f3 un 19% quedando su prima media en 305\u20ac situ\u00e1ndose, a pesar del descenso, en la modalidad m\u00e1s cara del ram<\/span>o.<\/p>\r\n<a href=\"https:\/\/codeoscopic.com\/wp-content\/uploads\/2026\/09\/PrimMed-ago25-26-DECESOS.jpg\"><img loading=\"lazy\" decoding=\"async\" class=\"mt-20 mb-20 aligncenter wp-image-95341 \" style=\"margin-right: auto; margin-left: auto;\" src=\"https:\/\/codeoscopic.com\/wp-content\/uploads\/2026\/09\/PrimMed-ago25-26-DECESOS-300x181.jpg\" alt=\"\" width=\"399\" height=\"241\" srcset=\"https:\/\/codeoscopic.com\/wp-content\/uploads\/2026\/09\/PrimMed-ago25-26-DECESOS-300x181.jpg 300w, https:\/\/codeoscopic.com\/wp-content\/uploads\/2026\/09\/PrimMed-ago25-26-DECESOS-768x463.jpg 768w, https:\/\/codeoscopic.com\/wp-content\/uploads\/2026\/09\/PrimMed-ago25-26-DECESOS.jpg 980w\" sizes=\"auto, (max-width: 399px) 100vw, 399px\" \/><\/a>\r\n<h4 class=\"mt-40\"><b>Evoluci\u00f3n de las p\u00f3lizas de salud<\/b><\/h4>\r\n<p class=\"justify\">S<span style=\"font-weight: 400;\">alud consolida en agosto el coste medio de p\u00f3liza m\u00e1s elevado del mercado asegurador al alcanzar los 1.021\u20ac, lo que representa un crecimiento interanual del 8% respecto a los 940\u20ac registrados en agosto de 2025. Frente al mes de julio, la prima media repunta un 3% intermensual<\/span>.<\/p>\r\n<a href=\"https:\/\/codeoscopic.com\/wp-content\/uploads\/2026\/09\/PrimMed-ago25-26-SALUD.jpg\"><img loading=\"lazy\" decoding=\"async\" class=\"mt-20 mb-20 aligncenter wp-image-95342 \" style=\"margin-right: auto; margin-left: auto;\" src=\"https:\/\/codeoscopic.com\/wp-content\/uploads\/2026\/09\/PrimMed-ago25-26-SALUD-300x181.jpg\" alt=\"\" width=\"399\" height=\"241\" srcset=\"https:\/\/codeoscopic.com\/wp-content\/uploads\/2026\/09\/PrimMed-ago25-26-SALUD-300x181.jpg 300w, https:\/\/codeoscopic.com\/wp-content\/uploads\/2026\/09\/PrimMed-ago25-26-SALUD-768x463.jpg 768w, https:\/\/codeoscopic.com\/wp-content\/uploads\/2026\/09\/PrimMed-ago25-26-SALUD.jpg 980w\" sizes=\"auto, (max-width: 399px) 100vw, 399px\" \/><\/a>\r\n<h4 class=\"mt-40\"><b>Evoluci\u00f3n de las p\u00f3lizas de vida riesgo<\/b><\/h4>\r\n<p class=\"justify\">S<span style=\"font-weight: 400;\">e sit\u00faa entre los negocios m\u00e1s din\u00e1micos de agosto tanto en volumen de contrataci\u00f3n como en importe de p\u00f3liza. La prima media del ramo se encareci\u00f3 un 17% interanual, pasando de 205\u20ac en agosto de 2025 a 241\u20ac en el mismo mes de 2026. Mientras que el aumento fue de un 4% comparado con el mes de julio de este mismo a\u00f1o<\/span>.<\/p>\r\n<a href=\"https:\/\/codeoscopic.com\/wp-content\/uploads\/2026\/09\/PrimMed-ago25-26-VIDA.jpg\"><img loading=\"lazy\" decoding=\"async\" class=\"mt-20 mb-20 aligncenter wp-image-95343 \" style=\"margin-right: auto; margin-left: auto;\" src=\"https:\/\/codeoscopic.com\/wp-content\/uploads\/2026\/09\/PrimMed-ago25-26-VIDA-300x181.jpg\" alt=\"\" width=\"399\" height=\"241\" srcset=\"https:\/\/codeoscopic.com\/wp-content\/uploads\/2026\/09\/PrimMed-ago25-26-VIDA-300x181.jpg 300w, https:\/\/codeoscopic.com\/wp-content\/uploads\/2026\/09\/PrimMed-ago25-26-VIDA-768x463.jpg 768w, https:\/\/codeoscopic.com\/wp-content\/uploads\/2026\/09\/PrimMed-ago25-26-VIDA.jpg 980w\" sizes=\"auto, (max-width: 399px) 100vw, 399px\" \/><\/a>\r\n<p class=\"justify\">Estas cifras, recogidas del volumen global de datos del multitarificador <a href=\"https:\/\/codeoscopic.com\/es\/workspace\/avant2\/\">Avant2 Sales Manager<\/a>, son analizadas por medio de la tecnolog\u00eda \u2018Big Data\u2019 desde su aplicaci\u00f3n <a href=\"https:\/\/codeoscopic.com\/es\/workspace\/versus\/\" target=\"_blank\" rel=\"noopener\">Versus Analytics<\/a>.<\/p>\r\n\r\n<div class=\"white-space mb-20\"><\/div>","protected":false},"excerpt":{"rendered":"Analizamos la evoluci\u00f3n de los sectores de autos, hogar, motos, decesos y salud de julio de 2026 frente a julio de 2025.","protected":false},"author":17,"featured_media":95333,"comment_status":"closed","ping_status":"closed","sticky":false,"template":"","format":"standard","meta":{"_monsterinsights_skip_tracking":false,"footnotes":""},"categories":[324],"tags":[263,140,234,314,309,312,325,310,78,163,347],"class_list":["post-95331","post","type-post","status-publish","format-standard","has-post-thumbnail","hentry","category-evolucion-del-sector","tag-autos","tag-avant2-sales-manager","tag-codeoscopic-workspace","tag-decesos","tag-hogar","tag-motos","tag-prima-media","tag-salud","tag-seguros","tag-versus-analytics","tag-vida-riesgo"],"aioseo_notices":[],"aioseo_head":"\n\t\t<!-- All in One SEO 5.0.1.1 - aioseo.com -->\n\t<meta name=\"description\" content=\"Analizamos la evoluci\u00f3n de los sectores de autos, hogar, motos, decesos y salud de julio de 2026 frente a julio de 2025.\" \/>\n\t<meta name=\"robots\" content=\"max-image-preview:large\" \/>\n\t<meta name=\"author\" content=\"Luis Miguel Ferrer\"\/>\n\t<link rel=\"canonical\" href=\"https:\/\/codeoscopic.com\/es\/la-prima-media-en-la-nueva-produccion-se-polariza-en-agosto-entre-el-empuje-de-salud-y-la-contencion-en-autos\/\" \/>\n\t<meta name=\"generator\" content=\"All in One SEO (AIOSEO) 5.0.1.1\" \/>\n\t\t<meta property=\"og:locale\" content=\"es_ES\" \/>\n\t\t<meta property=\"og:site_name\" content=\"Codeoscopic \u2022 Embracing Technology\" \/>\n\t\t<meta property=\"og:type\" content=\"article\" \/>\n\t\t<meta property=\"og:title\" content=\"La prima media en la nueva producci\u00f3n se polariza en agosto entre el empuje de Salud y la contenci\u00f3n en Autos \u2022 Codeoscopic\" \/>\n\t\t<meta property=\"og:description\" content=\"Analizamos la evoluci\u00f3n de los sectores de autos, hogar, motos, decesos y salud de julio de 2026 frente a julio de 2025.\" \/>\n\t\t<meta property=\"og:url\" content=\"https:\/\/codeoscopic.com\/es\/la-prima-media-en-la-nueva-produccion-se-polariza-en-agosto-entre-el-empuje-de-salud-y-la-contencion-en-autos\/\" \/>\n\t\t<meta property=\"og:image\" content=\"https:\/\/codeoscopic.com\/wp-content\/uploads\/2026\/09\/Avant2-Evolucion-mes-agosto-2025-2026.jpg\" \/>\n\t\t<meta property=\"og:image:secure_url\" content=\"https:\/\/codeoscopic.com\/wp-content\/uploads\/2026\/09\/Avant2-Evolucion-mes-agosto-2025-2026.jpg\" \/>\n\t\t<meta property=\"og:image:width\" content=\"860\" \/>\n\t\t<meta property=\"og:image:height\" content=\"522\" \/>\n\t\t<meta property=\"article:published_time\" content=\"2026-09-02T09:29:39+00:00\" \/>\n\t\t<meta property=\"article:modified_time\" content=\"2026-09-02T09:34:50+00:00\" \/>\n\t\t<meta name=\"twitter:card\" content=\"summary_large_image\" \/>\n\t\t<meta name=\"twitter:site\" content=\"@codeoscopic\" \/>\n\t\t<meta name=\"twitter:title\" content=\"La prima media en la nueva producci\u00f3n se polariza en agosto entre el empuje de Salud y la contenci\u00f3n en Autos \u2022 Codeoscopic\" \/>\n\t\t<meta name=\"twitter:description\" content=\"Analizamos la evoluci\u00f3n de los sectores de autos, hogar, motos, decesos y salud de julio de 2026 frente a julio de 2025.\" \/>\n\t\t<meta name=\"twitter:creator\" content=\"@codeoscopic\" \/>\n\t\t<meta name=\"twitter:image\" content=\"https:\/\/codeoscopic.com\/wp-content\/uploads\/2026\/09\/Avant2-Evolucion-mes-agosto-2025-2026.jpg\" \/>\n\t\t<script type=\"application\/ld+json\" class=\"aioseo-schema\">\n\t\t\t{\"@context\":\"https:\\\/\\\/schema.org\",\"@graph\":[{\"@type\":\"BlogPosting\",\"@id\":\"https:\\\/\\\/codeoscopic.com\\\/es\\\/la-prima-media-en-la-nueva-produccion-se-polariza-en-agosto-entre-el-empuje-de-salud-y-la-contencion-en-autos\\\/#blogposting\",\"name\":\"La prima media en la nueva producci\\u00f3n se polariza en agosto entre el empuje de Salud y la contenci\\u00f3n en Autos \\u2022 Codeoscopic\",\"headline\":\"La prima media en la nueva producci\\u00f3n se polariza en agosto entre el empuje de Salud y la contenci\\u00f3n en Autos\",\"author\":{\"@id\":\"https:\\\/\\\/codeoscopic.com\\\/es\\\/author\\\/luismiguel-ferrer\\\/#author\"},\"publisher\":{\"@id\":\"https:\\\/\\\/codeoscopic.com\\\/es\\\/#organization\"},\"image\":{\"@type\":\"ImageObject\",\"url\":\"https:\\\/\\\/codeoscopic.com\\\/wp-content\\\/uploads\\\/2026\\\/09\\\/Avant2-Evolucion-mes-agosto-2025-2026.jpg\",\"width\":860,\"height\":522},\"datePublished\":\"2026-09-02T11:29:39+02:00\",\"dateModified\":\"2026-09-02T11:34:50+02:00\",\"inLanguage\":\"es-ES\",\"mainEntityOfPage\":{\"@id\":\"https:\\\/\\\/codeoscopic.com\\\/es\\\/la-prima-media-en-la-nueva-produccion-se-polariza-en-agosto-entre-el-empuje-de-salud-y-la-contencion-en-autos\\\/#webpage\"},\"isPartOf\":{\"@id\":\"https:\\\/\\\/codeoscopic.com\\\/es\\\/la-prima-media-en-la-nueva-produccion-se-polariza-en-agosto-entre-el-empuje-de-salud-y-la-contencion-en-autos\\\/#webpage\"},\"articleSection\":\"Evoluci\\u00f3n del sector, autos, Avant2 Sales Manager, Codeoscopic Workspace, Decesos, hogar, motos, Prima media, salud, Seguros, Versus Analytics, Vida Riesgo, Opcional\"},{\"@type\":\"BreadcrumbList\",\"@id\":\"https:\\\/\\\/codeoscopic.com\\\/es\\\/la-prima-media-en-la-nueva-produccion-se-polariza-en-agosto-entre-el-empuje-de-salud-y-la-contencion-en-autos\\\/#breadcrumblist\",\"itemListElement\":[{\"@type\":\"ListItem\",\"@id\":\"https:\\\/\\\/codeoscopic.com\\\/es\\\/#listItem\",\"position\":1,\"name\":\"Home\",\"item\":\"https:\\\/\\\/codeoscopic.com\\\/es\\\/\",\"nextItem\":{\"@type\":\"ListItem\",\"@id\":\"https:\\\/\\\/codeoscopic.com\\\/es\\\/category\\\/evolucion-del-sector\\\/#listItem\",\"name\":\"Evoluci\\u00f3n del sector\"}},{\"@type\":\"ListItem\",\"@id\":\"https:\\\/\\\/codeoscopic.com\\\/es\\\/category\\\/evolucion-del-sector\\\/#listItem\",\"position\":2,\"name\":\"Evoluci\\u00f3n del sector\",\"item\":\"https:\\\/\\\/codeoscopic.com\\\/es\\\/category\\\/evolucion-del-sector\\\/\",\"nextItem\":{\"@type\":\"ListItem\",\"@id\":\"https:\\\/\\\/codeoscopic.com\\\/es\\\/la-prima-media-en-la-nueva-produccion-se-polariza-en-agosto-entre-el-empuje-de-salud-y-la-contencion-en-autos\\\/#listItem\",\"name\":\"La prima media en la nueva producci\\u00f3n se polariza en agosto entre el empuje de Salud y la contenci\\u00f3n en Autos\"},\"previousItem\":{\"@type\":\"ListItem\",\"@id\":\"https:\\\/\\\/codeoscopic.com\\\/es\\\/#listItem\",\"name\":\"Home\"}},{\"@type\":\"ListItem\",\"@id\":\"https:\\\/\\\/codeoscopic.com\\\/es\\\/la-prima-media-en-la-nueva-produccion-se-polariza-en-agosto-entre-el-empuje-de-salud-y-la-contencion-en-autos\\\/#listItem\",\"position\":3,\"name\":\"La prima media en la nueva producci\\u00f3n se polariza en agosto entre el empuje de Salud y la contenci\\u00f3n en Autos\",\"previousItem\":{\"@type\":\"ListItem\",\"@id\":\"https:\\\/\\\/codeoscopic.com\\\/es\\\/category\\\/evolucion-del-sector\\\/#listItem\",\"name\":\"Evoluci\\u00f3n del sector\"}}]},{\"@type\":\"Organization\",\"@id\":\"https:\\\/\\\/codeoscopic.com\\\/es\\\/#organization\",\"name\":\"Codeoscopic\",\"description\":\"Embracing Technology\",\"url\":\"https:\\\/\\\/codeoscopic.com\\\/es\\\/\",\"email\":\"carlos.rovira@codeoscopic.com\",\"telephone\":\"+34910758498\",\"foundingDate\":\"2009-05-05\",\"numberOfEmployees\":{\"@type\":\"QuantitativeValue\",\"value\":100},\"logo\":{\"@type\":\"ImageObject\",\"url\":\"https:\\\/\\\/codeoscopic.com\\\/wp-content\\\/uploads\\\/2022\\\/01\\\/Logotipo.png\",\"@id\":\"https:\\\/\\\/codeoscopic.com\\\/es\\\/la-prima-media-en-la-nueva-produccion-se-polariza-en-agosto-entre-el-empuje-de-salud-y-la-contencion-en-autos\\\/#organizationLogo\",\"width\":3630,\"height\":1120},\"image\":{\"@id\":\"https:\\\/\\\/codeoscopic.com\\\/es\\\/la-prima-media-en-la-nueva-produccion-se-polariza-en-agosto-entre-el-empuje-de-salud-y-la-contencion-en-autos\\\/#organizationLogo\"},\"sameAs\":[\"https:\\\/\\\/twitter.com\\\/codeoscopic\",\"https:\\\/\\\/www.instagram.com\\\/explore\\\/tags\\\/codeoscopic\\\/\",\"https:\\\/\\\/www.youtube.com\\\/channel\\\/UCB7rV_VoUjxFJDzrBknjRLQ\",\"https:\\\/\\\/www.linkedin.com\\\/company\\\/codeoscopic\"]},{\"@type\":\"Person\",\"@id\":\"https:\\\/\\\/codeoscopic.com\\\/es\\\/author\\\/luismiguel-ferrer\\\/#author\",\"url\":\"https:\\\/\\\/codeoscopic.com\\\/es\\\/author\\\/luismiguel-ferrer\\\/\",\"name\":\"Luis Miguel Ferrer\",\"image\":{\"@type\":\"ImageObject\",\"@id\":\"https:\\\/\\\/codeoscopic.com\\\/es\\\/la-prima-media-en-la-nueva-produccion-se-polariza-en-agosto-entre-el-empuje-de-salud-y-la-contencion-en-autos\\\/#authorImage\",\"url\":\"https:\\\/\\\/secure.gravatar.com\\\/avatar\\\/fcce950f3555b726180e18e77564201e8d5600f56ecd81344b4f9610567dcb8f?s=96&d=mm&r=g\",\"width\":96,\"height\":96,\"caption\":\"Luis Miguel Ferrer\"}},{\"@type\":\"WebPage\",\"@id\":\"https:\\\/\\\/codeoscopic.com\\\/es\\\/la-prima-media-en-la-nueva-produccion-se-polariza-en-agosto-entre-el-empuje-de-salud-y-la-contencion-en-autos\\\/#webpage\",\"url\":\"https:\\\/\\\/codeoscopic.com\\\/es\\\/la-prima-media-en-la-nueva-produccion-se-polariza-en-agosto-entre-el-empuje-de-salud-y-la-contencion-en-autos\\\/\",\"name\":\"La prima media en la nueva producci\\u00f3n se polariza en agosto entre el empuje de Salud y la contenci\\u00f3n en Autos \\u2022 Codeoscopic\",\"description\":\"Analizamos la evoluci\\u00f3n de los sectores de autos, hogar, motos, decesos y salud de julio de 2026 frente a julio de 2025.\",\"inLanguage\":\"es-ES\",\"isPartOf\":{\"@id\":\"https:\\\/\\\/codeoscopic.com\\\/es\\\/#website\"},\"breadcrumb\":{\"@id\":\"https:\\\/\\\/codeoscopic.com\\\/es\\\/la-prima-media-en-la-nueva-produccion-se-polariza-en-agosto-entre-el-empuje-de-salud-y-la-contencion-en-autos\\\/#breadcrumblist\"},\"author\":{\"@id\":\"https:\\\/\\\/codeoscopic.com\\\/es\\\/author\\\/luismiguel-ferrer\\\/#author\"},\"creator\":{\"@id\":\"https:\\\/\\\/codeoscopic.com\\\/es\\\/author\\\/luismiguel-ferrer\\\/#author\"},\"image\":{\"@type\":\"ImageObject\",\"url\":\"https:\\\/\\\/codeoscopic.com\\\/wp-content\\\/uploads\\\/2026\\\/09\\\/Avant2-Evolucion-mes-agosto-2025-2026.jpg\",\"@id\":\"https:\\\/\\\/codeoscopic.com\\\/es\\\/la-prima-media-en-la-nueva-produccion-se-polariza-en-agosto-entre-el-empuje-de-salud-y-la-contencion-en-autos\\\/#mainImage\",\"width\":860,\"height\":522},\"primaryImageOfPage\":{\"@id\":\"https:\\\/\\\/codeoscopic.com\\\/es\\\/la-prima-media-en-la-nueva-produccion-se-polariza-en-agosto-entre-el-empuje-de-salud-y-la-contencion-en-autos\\\/#mainImage\"},\"datePublished\":\"2026-09-02T11:29:39+02:00\",\"dateModified\":\"2026-09-02T11:34:50+02:00\"},{\"@type\":\"WebSite\",\"@id\":\"https:\\\/\\\/codeoscopic.com\\\/es\\\/#website\",\"url\":\"https:\\\/\\\/codeoscopic.com\\\/es\\\/\",\"name\":\"Codeoscopic\",\"alternateName\":\"Codeoscopic: Transformamos la distribuci\\u00f3n de seguros\",\"description\":\"Embracing Technology\",\"inLanguage\":\"es-ES\",\"publisher\":{\"@id\":\"https:\\\/\\\/codeoscopic.com\\\/es\\\/#organization\"}}]}\n\t\t<\/script>\n\t\t<!-- All in One SEO -->\n\n","aioseo_head_json":{"title":"La prima media en la nueva producci\u00f3n se polariza en agosto entre el empuje de Salud y la contenci\u00f3n en Autos \u2022 Codeoscopic","description":"Analizamos la evoluci\u00f3n de los sectores de autos, hogar, motos, decesos y salud de julio de 2026 frente a julio de 2025.","canonical_url":"https:\/\/codeoscopic.com\/es\/la-prima-media-en-la-nueva-produccion-se-polariza-en-agosto-entre-el-empuje-de-salud-y-la-contencion-en-autos\/","robots":"max-image-preview:large","keywords":"","webmasterTools":{"miscellaneous":""},"schema":{"@context":"https:\/\/schema.org","@graph":[{"@type":"BlogPosting","@id":"https:\/\/codeoscopic.com\/es\/la-prima-media-en-la-nueva-produccion-se-polariza-en-agosto-entre-el-empuje-de-salud-y-la-contencion-en-autos\/#blogposting","name":"La prima media en la nueva producci\u00f3n se polariza en agosto entre el empuje de Salud y la contenci\u00f3n en Autos \u2022 Codeoscopic","headline":"La prima media en la nueva producci\u00f3n se polariza en agosto entre el empuje de Salud y la contenci\u00f3n en Autos","author":{"@id":"https:\/\/codeoscopic.com\/es\/author\/luismiguel-ferrer\/#author"},"publisher":{"@id":"https:\/\/codeoscopic.com\/es\/#organization"},"image":{"@type":"ImageObject","url":"https:\/\/codeoscopic.com\/wp-content\/uploads\/2026\/09\/Avant2-Evolucion-mes-agosto-2025-2026.jpg","width":860,"height":522},"datePublished":"2026-09-02T11:29:39+02:00","dateModified":"2026-09-02T11:34:50+02:00","inLanguage":"es-ES","mainEntityOfPage":{"@id":"https:\/\/codeoscopic.com\/es\/la-prima-media-en-la-nueva-produccion-se-polariza-en-agosto-entre-el-empuje-de-salud-y-la-contencion-en-autos\/#webpage"},"isPartOf":{"@id":"https:\/\/codeoscopic.com\/es\/la-prima-media-en-la-nueva-produccion-se-polariza-en-agosto-entre-el-empuje-de-salud-y-la-contencion-en-autos\/#webpage"},"articleSection":"Evoluci\u00f3n del sector, autos, Avant2 Sales Manager, Codeoscopic Workspace, Decesos, hogar, motos, Prima media, salud, Seguros, Versus Analytics, Vida Riesgo, Opcional"},{"@type":"BreadcrumbList","@id":"https:\/\/codeoscopic.com\/es\/la-prima-media-en-la-nueva-produccion-se-polariza-en-agosto-entre-el-empuje-de-salud-y-la-contencion-en-autos\/#breadcrumblist","itemListElement":[{"@type":"ListItem","@id":"https:\/\/codeoscopic.com\/es\/#listItem","position":1,"name":"Home","item":"https:\/\/codeoscopic.com\/es\/","nextItem":{"@type":"ListItem","@id":"https:\/\/codeoscopic.com\/es\/category\/evolucion-del-sector\/#listItem","name":"Evoluci\u00f3n del sector"}},{"@type":"ListItem","@id":"https:\/\/codeoscopic.com\/es\/category\/evolucion-del-sector\/#listItem","position":2,"name":"Evoluci\u00f3n del sector","item":"https:\/\/codeoscopic.com\/es\/category\/evolucion-del-sector\/","nextItem":{"@type":"ListItem","@id":"https:\/\/codeoscopic.com\/es\/la-prima-media-en-la-nueva-produccion-se-polariza-en-agosto-entre-el-empuje-de-salud-y-la-contencion-en-autos\/#listItem","name":"La prima media en la nueva producci\u00f3n se polariza en agosto entre el empuje de Salud y la contenci\u00f3n en Autos"},"previousItem":{"@type":"ListItem","@id":"https:\/\/codeoscopic.com\/es\/#listItem","name":"Home"}},{"@type":"ListItem","@id":"https:\/\/codeoscopic.com\/es\/la-prima-media-en-la-nueva-produccion-se-polariza-en-agosto-entre-el-empuje-de-salud-y-la-contencion-en-autos\/#listItem","position":3,"name":"La prima media en la nueva producci\u00f3n se polariza en agosto entre el empuje de Salud y la contenci\u00f3n en Autos","previousItem":{"@type":"ListItem","@id":"https:\/\/codeoscopic.com\/es\/category\/evolucion-del-sector\/#listItem","name":"Evoluci\u00f3n del sector"}}]},{"@type":"Organization","@id":"https:\/\/codeoscopic.com\/es\/#organization","name":"Codeoscopic","description":"Embracing Technology","url":"https:\/\/codeoscopic.com\/es\/","email":"carlos.rovira@codeoscopic.com","telephone":"+34910758498","foundingDate":"2009-05-05","numberOfEmployees":{"@type":"QuantitativeValue","value":100},"logo":{"@type":"ImageObject","url":"https:\/\/codeoscopic.com\/wp-content\/uploads\/2022\/01\/Logotipo.png","@id":"https:\/\/codeoscopic.com\/es\/la-prima-media-en-la-nueva-produccion-se-polariza-en-agosto-entre-el-empuje-de-salud-y-la-contencion-en-autos\/#organizationLogo","width":3630,"height":1120},"image":{"@id":"https:\/\/codeoscopic.com\/es\/la-prima-media-en-la-nueva-produccion-se-polariza-en-agosto-entre-el-empuje-de-salud-y-la-contencion-en-autos\/#organizationLogo"},"sameAs":["https:\/\/twitter.com\/codeoscopic","https:\/\/www.instagram.com\/explore\/tags\/codeoscopic\/","https:\/\/www.youtube.com\/channel\/UCB7rV_VoUjxFJDzrBknjRLQ","https:\/\/www.linkedin.com\/company\/codeoscopic"]},{"@type":"Person","@id":"https:\/\/codeoscopic.com\/es\/author\/luismiguel-ferrer\/#author","url":"https:\/\/codeoscopic.com\/es\/author\/luismiguel-ferrer\/","name":"Luis Miguel Ferrer","image":{"@type":"ImageObject","@id":"https:\/\/codeoscopic.com\/es\/la-prima-media-en-la-nueva-produccion-se-polariza-en-agosto-entre-el-empuje-de-salud-y-la-contencion-en-autos\/#authorImage","url":"https:\/\/secure.gravatar.com\/avatar\/fcce950f3555b726180e18e77564201e8d5600f56ecd81344b4f9610567dcb8f?s=96&d=mm&r=g","width":96,"height":96,"caption":"Luis Miguel Ferrer"}},{"@type":"WebPage","@id":"https:\/\/codeoscopic.com\/es\/la-prima-media-en-la-nueva-produccion-se-polariza-en-agosto-entre-el-empuje-de-salud-y-la-contencion-en-autos\/#webpage","url":"https:\/\/codeoscopic.com\/es\/la-prima-media-en-la-nueva-produccion-se-polariza-en-agosto-entre-el-empuje-de-salud-y-la-contencion-en-autos\/","name":"La prima media en la nueva producci\u00f3n se polariza en agosto entre el empuje de Salud y la contenci\u00f3n en Autos \u2022 Codeoscopic","description":"Analizamos la evoluci\u00f3n de los sectores de autos, hogar, motos, decesos y salud de julio de 2026 frente a julio de 2025.","inLanguage":"es-ES","isPartOf":{"@id":"https:\/\/codeoscopic.com\/es\/#website"},"breadcrumb":{"@id":"https:\/\/codeoscopic.com\/es\/la-prima-media-en-la-nueva-produccion-se-polariza-en-agosto-entre-el-empuje-de-salud-y-la-contencion-en-autos\/#breadcrumblist"},"author":{"@id":"https:\/\/codeoscopic.com\/es\/author\/luismiguel-ferrer\/#author"},"creator":{"@id":"https:\/\/codeoscopic.com\/es\/author\/luismiguel-ferrer\/#author"},"image":{"@type":"ImageObject","url":"https:\/\/codeoscopic.com\/wp-content\/uploads\/2026\/09\/Avant2-Evolucion-mes-agosto-2025-2026.jpg","@id":"https:\/\/codeoscopic.com\/es\/la-prima-media-en-la-nueva-produccion-se-polariza-en-agosto-entre-el-empuje-de-salud-y-la-contencion-en-autos\/#mainImage","width":860,"height":522},"primaryImageOfPage":{"@id":"https:\/\/codeoscopic.com\/es\/la-prima-media-en-la-nueva-produccion-se-polariza-en-agosto-entre-el-empuje-de-salud-y-la-contencion-en-autos\/#mainImage"},"datePublished":"2026-09-02T11:29:39+02:00","dateModified":"2026-09-02T11:34:50+02:00"},{"@type":"WebSite","@id":"https:\/\/codeoscopic.com\/es\/#website","url":"https:\/\/codeoscopic.com\/es\/","name":"Codeoscopic","alternateName":"Codeoscopic: Transformamos la distribuci\u00f3n de seguros","description":"Embracing Technology","inLanguage":"es-ES","publisher":{"@id":"https:\/\/codeoscopic.com\/es\/#organization"}}]},"og:locale":"es_ES","og:site_name":"Codeoscopic \u2022 Embracing Technology","og:type":"article","og:title":"La prima media en la nueva producci\u00f3n se polariza en agosto entre el empuje de Salud y la contenci\u00f3n en Autos \u2022 Codeoscopic","og:description":"Analizamos la evoluci\u00f3n de los sectores de autos, hogar, motos, decesos y salud de julio de 2026 frente a julio de 2025.","og:url":"https:\/\/codeoscopic.com\/es\/la-prima-media-en-la-nueva-produccion-se-polariza-en-agosto-entre-el-empuje-de-salud-y-la-contencion-en-autos\/","og:image":"https:\/\/codeoscopic.com\/wp-content\/uploads\/2026\/09\/Avant2-Evolucion-mes-agosto-2025-2026.jpg","og:image:secure_url":"https:\/\/codeoscopic.com\/wp-content\/uploads\/2026\/09\/Avant2-Evolucion-mes-agosto-2025-2026.jpg","og:image:width":860,"og:image:height":522,"article:published_time":"2026-09-02T09:29:39+00:00","article:modified_time":"2026-09-02T09:34:50+00:00","twitter:card":"summary_large_image","twitter:site":"@codeoscopic","twitter:title":"La prima media en la nueva producci\u00f3n se polariza en agosto entre el empuje de Salud y la contenci\u00f3n en Autos \u2022 Codeoscopic","twitter:description":"Analizamos la evoluci\u00f3n de los sectores de autos, hogar, motos, decesos y salud de julio de 2026 frente a julio de 2025.","twitter:creator":"@codeoscopic","twitter:image":"https:\/\/codeoscopic.com\/wp-content\/uploads\/2026\/09\/Avant2-Evolucion-mes-agosto-2025-2026.jpg"},"aioseo_meta_data":{"post_id":"95331","title":null,"description":null,"keywords":null,"keyphrases":{"focus":{"keyphrase":"","score":0,"analysis":{"keyphraseInTitle":{"score":0,"maxScore":9,"error":1}}},"additional":[]},"primary_term":null,"canonical_url":null,"og_title":null,"og_description":null,"og_object_type":"default","og_image_type":"default","og_image_url":null,"og_image_width":null,"og_image_height":null,"og_image_custom_url":null,"og_image_custom_fields":null,"og_video":"","og_custom_url":null,"og_article_section":null,"og_article_tags":null,"twitter_use_og":false,"twitter_card":"default","twitter_image_type":"default","twitter_image_url":null,"twitter_image_custom_url":null,"twitter_image_custom_fields":null,"twitter_title":null,"twitter_description":null,"schema":{"blockGraphs":[],"customGraphs":[],"default":{"data":{"Article":[],"Course":[],"Dataset":[],"FAQPage":[],"Movie":[],"Person":[],"Product":[],"ProductReview":[],"Car":[],"Recipe":[],"Service":[],"SoftwareApplication":[],"WebPage":[]},"graphName":"BlogPosting","isEnabled":true},"graphs":[]},"schema_type":"default","schema_type_options":null,"pillar_content":false,"robots_default":true,"robots_noindex":false,"robots_noarchive":false,"robots_nosnippet":false,"robots_nofollow":false,"robots_noimageindex":false,"robots_noodp":false,"robots_notranslate":false,"robots_max_snippet":"-1","robots_max_videopreview":"-1","robots_max_imagepreview":"large","priority":null,"frequency":"default","local_seo":null,"breadcrumb_settings":null,"limit_modified_date":false,"ai":{"faqs":[],"keyPoints":[],"schemas":[],"titles":[],"descriptions":[],"socialPosts":{"email":{"subject":"","preview":"","content":""},"linkedin":[],"twitter":[],"facebook":[],"instagram":[]}},"created":"2026-09-01 13:15:08","updated":"2026-09-02 09:40:25","seo_analyzer_scan_date":null,"focus_keyword":null,"additional_keywords":null,"truseo_locale":null},"aioseo_breadcrumb":"<div class=\"aioseo-breadcrumbs\"><span class=\"aioseo-breadcrumb\">\n\t\t\t<a href=\"https:\/\/codeoscopic.com\/es\/\" title=\"Home\">Home<\/a>\n\t\t<\/span><span class=\"aioseo-breadcrumb-separator\">&raquo;<\/span><span class=\"aioseo-breadcrumb\">\n\t\t\t<a href=\"https:\/\/codeoscopic.com\/es\/category\/evolucion-del-sector\/\" title=\"Evoluci\u00f3n del sector\">Evoluci\u00f3n del sector<\/a>\n\t\t<\/span><span class=\"aioseo-breadcrumb-separator\">&raquo;<\/span><span class=\"aioseo-breadcrumb\">\n\t\t\tLa prima media en la nueva producci\u00f3n se polariza en agosto entre el empuje de Salud y la contenci\u00f3n en Autos\n\t\t<\/span><\/div>","aioseo_breadcrumb_json":[{"label":"Home","link":"https:\/\/codeoscopic.com\/es\/"},{"label":"Evoluci\u00f3n del sector","link":"https:\/\/codeoscopic.com\/es\/category\/evolucion-del-sector\/"},{"label":"La prima media en la nueva producci\u00f3n se polariza en agosto entre el empuje de Salud y la contenci\u00f3n en Autos","link":"https:\/\/codeoscopic.com\/es\/la-prima-media-en-la-nueva-produccion-se-polariza-en-agosto-entre-el-empuje-de-salud-y-la-contencion-en-autos\/"}],"_links":{"self":[{"href":"https:\/\/codeoscopic.com\/es\/wp-json\/wp\/v2\/posts\/95331","targetHints":{"allow":["GET"]}}],"collection":[{"href":"https:\/\/codeoscopic.com\/es\/wp-json\/wp\/v2\/posts"}],"about":[{"href":"https:\/\/codeoscopic.com\/es\/wp-json\/wp\/v2\/types\/post"}],"author":[{"embeddable":true,"href":"https:\/\/codeoscopic.com\/es\/wp-json\/wp\/v2\/users\/17"}],"replies":[{"embeddable":true,"href":"https:\/\/codeoscopic.com\/es\/wp-json\/wp\/v2\/comments?post=95331"}],"version-history":[{"count":10,"href":"https:\/\/codeoscopic.com\/es\/wp-json\/wp\/v2\/posts\/95331\/revisions"}],"predecessor-version":[{"id":95372,"href":"https:\/\/codeoscopic.com\/es\/wp-json\/wp\/v2\/posts\/95331\/revisions\/95372"}],"wp:featuredmedia":[{"embeddable":true,"href":"https:\/\/codeoscopic.com\/es\/wp-json\/wp\/v2\/media\/95333"}],"wp:attachment":[{"href":"https:\/\/codeoscopic.com\/es\/wp-json\/wp\/v2\/media?parent=95331"}],"wp:term":[{"taxonomy":"category","embeddable":true,"href":"https:\/\/codeoscopic.com\/es\/wp-json\/wp\/v2\/categories?post=95331"},{"taxonomy":"post_tag","embeddable":true,"href":"https:\/\/codeoscopic.com\/es\/wp-json\/wp\/v2\/tags?post=95331"}],"curies":[{"name":"wp","href":"https:\/\/api.w.org\/{rel}","templated":true}]}}